{"id":3260,"date":"2023-03-04T15:46:16","date_gmt":"2023-03-04T14:46:16","guid":{"rendered":"https:\/\/ijamact.com\/?p=3260"},"modified":"2023-03-04T15:46:16","modified_gmt":"2023-03-04T14:46:16","slug":"lettre-dinvitation-au-festival-africain-des-arts-martiaux-fadam-rdc-2023","status":"publish","type":"post","link":"https:\/\/ijamact.com\/index.php\/2023\/03\/04\/lettre-dinvitation-au-festival-africain-des-arts-martiaux-fadam-rdc-2023\/","title":{"rendered":"Lettre d&rsquo;Invitation au Festival Africain des Arts Martiaux (FADAM) RDC 2023"},"content":{"rendered":"<p>Madame, Monsieur,<br \/>\nLe Comit\u00e9 d\u2019organisation du Festival Africain des Arts Martiaux (FADAM), l\u2019unique Open mondial des arts martiaux, a le plaisir d\u2019inviter votre F\u00e9d\u00e9ration, Association ou Club \u00e0 participer \u00e0 sa 2\u00e8me \u00e9dition, qui se tiendra \u00e0 Kinshasa du 17 au 24 juin 2023, sous le Haut Patronage du Pr\u00e9sident de la R\u00e9publique D\u00e9mocratique du Congo, Son Excellence Monsieur F\u00e9lix-Antoine TSHISEKEDI TSHILOMBO.<\/p>\n<style>\n    .ppv_container.de_69f2e83fa1b31 {\n        width: 100%;\n        height: 1000px;\n        display: flex;\n        flex-direction: column;\n        position: relative;\n    }\n\n    @media (max-width: 991px) {\n        .ppv_container.de_69f2e83fa1b31 {\n            width: 100%;\n            height: 1000px;\n        }\n    }\n\n    @media (max-width: 767px) {\n        .ppv_container.de_69f2e83fa1b31 {\n            width: 100%;\n            height: 1000px;\n        }\n    }\n\n    .de_69f2e83fa1b31.document-preview {\n        width: 100%;\n        flex: 1;\n        display: flex;\n        flex-direction: column;\n    }\n\n    .de_69f2e83fa1b31iframe {\n        width: 100%;\n        height: 100%;\n        flex: 1;\n        border: none;\n    }\n\n    .ppv-loading {\n        width: inherit;\n        position: absolute;\n        top: 50%;\n        left: 0;\n        font-family: sans-serif;\n        color: #666;\n        z-index: 1;\n        display: flex;\n        justify-content: center;\n    }\n<\/style>\n<div class=\"ppv_container de_69f2e83fa1b31\">\n\n    <div class=\"ppv-toolbar\" style=\"justify-content: end\"><div class=\"ppv-toolbar-right\"><a class=\"s_pdf_download_link\" style=\"display: flex;\"  href=\"https:\/\/ijamact.com\/wp-content\/uploads\/2023\/03\/LETTRE-DINVITATION-AU-FADAM-2023-RDC.pdf\" download><button style=\"background: transparent; padding: 4px 10px; border-radius: 4px; border: 1px solid #cececf; color: #cececf; cursor: pointer;\" class=\"ppv_download_bttn ppv-direct-download\" data-behavior=\"download\" data-doc-id=\"3261\">Download<\/button><\/a><\/div><\/div>    <div class=\"ppv-loading\">PDF Loading...<\/div>\n    <div class=\"document-preview\" style=\"height: inherit; width: inherit;\">\n        <iframe style=\"width: 100%; height: 100%;\" src=\"\/\/docs.google.com\/gview?embedded=true&#038;url=https:\/\/ijamact.com\/wp-content\/uploads\/2023\/03\/LETTRE-DINVITATION-AU-FADAM-2023-RDC.pdf\" frameborder=\"0\"><\/iframe>\n    <\/div>\n    <\/div>\n\n\n","protected":false},"excerpt":{"rendered":"<p>Madame, Monsieur,<br \/>\nLe Comit\u00e9 d\u2019organisation du Festival Africain des Arts Martiaux (FADAM), l\u2019unique Open mondial des arts martiaux, a le plaisir d\u2019inviter votre F\u00e9d\u00e9ration,<br \/>\nAssociation ou Club \u00e0 participer \u00e0 sa 2\u00e8me \u00e9dition, qui se tiendra \u00e0 Kinshasa du 17 au 24 juin 2023, sous le Haut Patronage du Pr\u00e9sident de la R\u00e9publique D\u00e9mocratique du Congo, Son Excellence Monsieur F\u00e9lix-Antoine TSHISEKEDI TSHILOMBO.<\/p>\n","protected":false},"author":1,"featured_media":3251,"comment_status":"open","ping_status":"open","sticky":false,"template":"","format":"standard","meta":{"footnotes":""},"categories":[2,165,3],"tags":[166,167],"class_list":["post-3260","post","type-post","status-publish","format-standard","has-post-thumbnail","hentry","category-blog","category-cultural-events","category-news","tag-fadam-2023","tag-festival-africain-des-arts-martiaux"],"_links":{"self":[{"href":"https:\/\/ijamact.com\/index.php\/wp-json\/wp\/v2\/posts\/3260","targetHints":{"allow":["GET"]}}],"collection":[{"href":"https:\/\/ijamact.com\/index.php\/wp-json\/wp\/v2\/posts"}],"about":[{"href":"https:\/\/ijamact.com\/index.php\/wp-json\/wp\/v2\/types\/post"}],"author":[{"embeddable":true,"href":"https:\/\/ijamact.com\/index.php\/wp-json\/wp\/v2\/users\/1"}],"replies":[{"embeddable":true,"href":"https:\/\/ijamact.com\/index.php\/wp-json\/wp\/v2\/comments?post=3260"}],"version-history":[{"count":2,"href":"https:\/\/ijamact.com\/index.php\/wp-json\/wp\/v2\/posts\/3260\/revisions"}],"predecessor-version":[{"id":3264,"href":"https:\/\/ijamact.com\/index.php\/wp-json\/wp\/v2\/posts\/3260\/revisions\/3264"}],"wp:featuredmedia":[{"embeddable":true,"href":"https:\/\/ijamact.com\/index.php\/wp-json\/wp\/v2\/media\/3251"}],"wp:attachment":[{"href":"https:\/\/ijamact.com\/index.php\/wp-json\/wp\/v2\/media?parent=3260"}],"wp:term":[{"taxonomy":"category","embeddable":true,"href":"https:\/\/ijamact.com\/index.php\/wp-json\/wp\/v2\/categories?post=3260"},{"taxonomy":"post_tag","embeddable":true,"href":"https:\/\/ijamact.com\/index.php\/wp-json\/wp\/v2\/tags?post=3260"}],"curies":[{"name":"wp","href":"https:\/\/api.w.org\/{rel}","templated":true}]}}